{"id":966,"date":"2012-02-17T19:18:40","date_gmt":"2012-02-17T18:18:40","guid":{"rendered":"https:\/\/imageetaudace.fr\/?p=966"},"modified":"2020-10-31T23:02:27","modified_gmt":"2020-10-31T22:02:27","slug":"bien-choisir-son-fond-de-teint","status":"publish","type":"post","link":"https:\/\/osermonfeminin.fr\/bien-choisir-son-fond-de-teint\/","title":{"rendered":"Bien choisir son fond de teint"},"content":{"rendered":"<p>[gkelmt_built_section bb_built=\u00a0\u00bb1&Prime; admin_label=\u00a0\u00bben-t\u00eate Article BLOG (image, titre, m\u00e9ta) &#8211; NE PAS TOUCHER!!!\u00a0\u00bb _built_version=\u00a0\u00bb4.4.2&Prime; next_background_color=\u00a0\u00bb#000000&Prime; collapsed=\u00a0\u00bbon\u00a0\u00bb box_shadow_horizontal_tablet=\u00a0\u00bb0px\u00a0\u00bb box_shadow_vertical_tablet=\u00a0\u00bb0px\u00a0\u00bb box_shadow_blur_tablet=\u00a0\u00bb40px\u00a0\u00bb box_shadow_spread_tablet=\u00a0\u00bb0px\u00a0\u00bb vertical_offsgkelmt_tablet=\u00a0\u00bb0&Prime; horizontal_offsgkelmt_tablet=\u00a0\u00bb0&Prime; z_index_tablet=\u00a0\u00bb0&Prime; global_module=\u00a0\u00bb1140&Prime;][gkelmt_built_row global_parent=\u00a0\u00bb1140&Prime; column_structure=\u00a0\u00bb1_2,1_2&Prime; use_custom_gkgap=\u00a0\u00bbon\u00a0\u00bb gkgap_width=\u00a0\u00bb1&Prime; make_equal=\u00a0\u00bbon\u00a0\u00bb _built_version=\u00a0\u00bb4.4.2&Prime; background_size=\u00a0\u00bbinitial\u00a0\u00bb background_position=\u00a0\u00bbtop_left\u00a0\u00bb background_repeat=\u00a0\u00bbrepeat\u00a0\u00bb][gkelmt_built_column type=\u00a0\u00bb1_2&Prime; global_parent=\u00a0\u00bb1140&Prime; _built_version=\u00a0\u00bb3.25&Prime; custom_padding=\u00a0\u00bb|||\u00a0\u00bb custom_padding__hover=\u00a0\u00bb|||\u00a0\u00bb][gkelmt_built_image global_parent=\u00a0\u00bb1140&Prime; src=\u00a0\u00bb@ET-DC@eyJkeW5hbWljIjp0cnVlLCJjb250ZW50IjoicG9zdF9mZWF0dXJlZF9pbWFnZSIsInNldHRpbmdzIjp7fX0=@\u00a0\u00bb src_last_edited=\u00a0\u00bboff|desktop\u00a0\u00bb _built_version=\u00a0\u00bb4.4.2&Prime; _dynamic_attributes=\u00a0\u00bbsrc\u00a0\u00bb src__hover_enabled=\u00a0\u00bboff|desktop\u00a0\u00bb]<\/p>\n<p>[\/gkelmt_built_image][\/gkelmt_built_column][gkelmt_built_column type=\u00a0\u00bb1_2&Prime; global_parent=\u00a0\u00bb1140&Prime; _built_version=\u00a0\u00bb3.25&Prime; custom_padding=\u00a0\u00bb|||\u00a0\u00bb custom_padding__hover=\u00a0\u00bb|||\u00a0\u00bb][gkelmt_built_post_title global_parent=\u00a0\u00bb1140&Prime; comments=\u00a0\u00bboff\u00a0\u00bb featured_image=\u00a0\u00bboff\u00a0\u00bb _built_version=\u00a0\u00bb4.4.2&Prime; custom_margin_tablet=\u00a0\u00bb|||0%|false|false\u00a0\u00bb custom_margin_last_edited=\u00a0\u00bboff|desktop\u00a0\u00bb hover_enabled=\u00a0\u00bb0&Prime; title_font_size_tablet=\u00a0\u00bb70px\u00a0\u00bb title_font_size_phone=\u00a0\u00bb45px\u00a0\u00bb title_font_size_last_edited=\u00a0\u00bboff|desktop\u00a0\u00bb custom_padding_last_edited=\u00a0\u00bboff|desktop\u00a0\u00bb date_format=\u00a0\u00bbj F Y\u00a0\u00bb text_shadow_horizontal_length=\u00a0\u00bbtext_shadow_style,%91object Object%93&Prime; text_shadow_horizontal_length_tablet=\u00a0\u00bb0px\u00a0\u00bb text_shadow_vertical_length=\u00a0\u00bbtext_shadow_style,%91object Object%93&Prime; text_shadow_vertical_length_tablet=\u00a0\u00bb0px\u00a0\u00bb text_shadow_blur_strength=\u00a0\u00bbtext_shadow_style,%91object Object%93&Prime; text_shadow_blur_strength_tablet=\u00a0\u00bb1px\u00a0\u00bb title_text_shadow_horizontal_length=\u00a0\u00bbtitle_text_shadow_style,%91object Object%93&Prime; title_text_shadow_horizontal_length_tablet=\u00a0\u00bb0px\u00a0\u00bb title_text_shadow_vertical_length=\u00a0\u00bbtitle_text_shadow_style,%91object Object%93&Prime; title_text_shadow_vertical_length_tablet=\u00a0\u00bb0px\u00a0\u00bb title_text_shadow_blur_strength=\u00a0\u00bbtitle_text_shadow_style,%91object Object%93&Prime; title_text_shadow_blur_strength_tablet=\u00a0\u00bb1px\u00a0\u00bb meta_text_shadow_horizontal_length=\u00a0\u00bbmeta_text_shadow_style,%91object Object%93&Prime; meta_text_shadow_horizontal_length_tablet=\u00a0\u00bb0px\u00a0\u00bb meta_text_shadow_vertical_length=\u00a0\u00bbmeta_text_shadow_style,%91object Object%93&Prime; meta_text_shadow_vertical_length_tablet=\u00a0\u00bb0px\u00a0\u00bb meta_text_shadow_blur_strength=\u00a0\u00bbmeta_text_shadow_style,%91object Object%93&Prime; meta_text_shadow_blur_strength_tablet=\u00a0\u00bb1px\u00a0\u00bb box_shadow_horizontal_tablet=\u00a0\u00bb0px\u00a0\u00bb box_shadow_vertical_tablet=\u00a0\u00bb0px\u00a0\u00bb box_shadow_blur_tablet=\u00a0\u00bb40px\u00a0\u00bb box_shadow_spread_tablet=\u00a0\u00bb0px\u00a0\u00bb vertical_offsgkelmt_tablet=\u00a0\u00bb0&Prime; horizontal_offsgkelmt_tablet=\u00a0\u00bb0&Prime; z_index_tablet=\u00a0\u00bb0&Prime;]<\/p>\n<p>[\/gkelmt_built_post_title][\/gkelmt_built_column][\/gkelmt_built_row][\/gkelmt_built_section][gkelmt_built_section bb_built=\u00a0\u00bb1&Prime; specialty=\u00a0\u00bboff\u00a0\u00bb prev_background_color=\u00a0\u00bb#000000&Prime; _built_version=\u00a0\u00bb4.4.2&Prime; box_shadow_horizontal_tablet=\u00a0\u00bb0px\u00a0\u00bb box_shadow_vertical_tablet=\u00a0\u00bb0px\u00a0\u00bb box_shadow_blur_tablet=\u00a0\u00bb40px\u00a0\u00bb box_shadow_spread_tablet=\u00a0\u00bb0px\u00a0\u00bb vertical_offsgkelmt_tablet=\u00a0\u00bb0&Prime; horizontal_offsgkelmt_tablet=\u00a0\u00bb0&Prime; z_index_tablet=\u00a0\u00bb0&Prime;][gkelmt_built_row][gkelmt_built_column type=\u00a0\u00bb2_3&Prime; custom_padding__hover=\u00a0\u00bb|||\u00a0\u00bb custom_padding=\u00a0\u00bb|||\u00a0\u00bb][gkelmt_built_text admin_label=\u00a0\u00bbTexte &#8211; contenu de l&rsquo;article\u00a0\u00bb _built_version=\u00a0\u00bb4.6.6&Prime; text_text_shadow_horizontal_length=\u00a0\u00bbtext_text_shadow_style,%91object Object%93&Prime; text_text_shadow_horizontal_length_tablet=\u00a0\u00bb0px\u00a0\u00bb text_text_shadow_vertical_length=\u00a0\u00bbtext_text_shadow_style,%91object Object%93&Prime; text_text_shadow_vertical_length_tablet=\u00a0\u00bb0px\u00a0\u00bb text_text_shadow_blur_strength=\u00a0\u00bbtext_text_shadow_style,%91object Object%93&Prime; text_text_shadow_blur_strength_tablet=\u00a0\u00bb1px\u00a0\u00bb link_text_shadow_horizontal_length=\u00a0\u00bblink_text_shadow_style,%91object Object%93&Prime; link_text_shadow_horizontal_length_tablet=\u00a0\u00bb0px\u00a0\u00bb link_text_shadow_vertical_length=\u00a0\u00bblink_text_shadow_style,%91object Object%93&Prime; link_text_shadow_vertical_length_tablet=\u00a0\u00bb0px\u00a0\u00bb link_text_shadow_blur_strength=\u00a0\u00bblink_text_shadow_style,%91object Object%93&Prime; link_text_shadow_blur_strength_tablet=\u00a0\u00bb1px\u00a0\u00bb ul_text_shadow_horizontal_length=\u00a0\u00bbul_text_shadow_style,%91object Object%93&Prime; ul_text_shadow_horizontal_length_tablet=\u00a0\u00bb0px\u00a0\u00bb ul_text_shadow_vertical_length=\u00a0\u00bbul_text_shadow_style,%91object Object%93&Prime; ul_text_shadow_vertical_length_tablet=\u00a0\u00bb0px\u00a0\u00bb ul_text_shadow_blur_strength=\u00a0\u00bbul_text_shadow_style,%91object Object%93&Prime; ul_text_shadow_blur_strength_tablet=\u00a0\u00bb1px\u00a0\u00bb ol_text_shadow_horizontal_length=\u00a0\u00bbol_text_shadow_style,%91object Object%93&Prime; ol_text_shadow_horizontal_length_tablet=\u00a0\u00bb0px\u00a0\u00bb ol_text_shadow_vertical_length=\u00a0\u00bbol_text_shadow_style,%91object Object%93&Prime; ol_text_shadow_vertical_length_tablet=\u00a0\u00bb0px\u00a0\u00bb ol_text_shadow_blur_strength=\u00a0\u00bbol_text_shadow_style,%91object Object%93&Prime; ol_text_shadow_blur_strength_tablet=\u00a0\u00bb1px\u00a0\u00bb quote_text_shadow_horizontal_length=\u00a0\u00bbquote_text_shadow_style,%91object Object%93&Prime; quote_text_shadow_horizontal_length_tablet=\u00a0\u00bb0px\u00a0\u00bb quote_text_shadow_vertical_length=\u00a0\u00bbquote_text_shadow_style,%91object Object%93&Prime; quote_text_shadow_vertical_length_tablet=\u00a0\u00bb0px\u00a0\u00bb quote_text_shadow_blur_strength=\u00a0\u00bbquote_text_shadow_style,%91object Object%93&Prime; quote_text_shadow_blur_strength_tablet=\u00a0\u00bb1px\u00a0\u00bb header_text_shadow_horizontal_length=\u00a0\u00bbheader_text_shadow_style,%91object Object%93&Prime; header_text_shadow_horizontal_length_tablet=\u00a0\u00bb0px\u00a0\u00bb header_text_shadow_vertical_length=\u00a0\u00bbheader_text_shadow_style,%91object Object%93&Prime; header_text_shadow_vertical_length_tablet=\u00a0\u00bb0px\u00a0\u00bb header_text_shadow_blur_strength=\u00a0\u00bbheader_text_shadow_style,%91object Object%93&Prime; header_text_shadow_blur_strength_tablet=\u00a0\u00bb1px\u00a0\u00bb header_2_text_shadow_horizontal_length=\u00a0\u00bbheader_2_text_shadow_style,%91object Object%93&Prime; header_2_text_shadow_horizontal_length_tablet=\u00a0\u00bb0px\u00a0\u00bb header_2_text_shadow_vertical_length=\u00a0\u00bbheader_2_text_shadow_style,%91object Object%93&Prime; header_2_text_shadow_vertical_length_tablet=\u00a0\u00bb0px\u00a0\u00bb header_2_text_shadow_blur_strength=\u00a0\u00bbheader_2_text_shadow_style,%91object Object%93&Prime; header_2_text_shadow_blur_strength_tablet=\u00a0\u00bb1px\u00a0\u00bb header_3_text_shadow_horizontal_length=\u00a0\u00bbheader_3_text_shadow_style,%91object Object%93&Prime; header_3_text_shadow_horizontal_length_tablet=\u00a0\u00bb0px\u00a0\u00bb header_3_text_shadow_vertical_length=\u00a0\u00bbheader_3_text_shadow_style,%91object Object%93&Prime; header_3_text_shadow_vertical_length_tablet=\u00a0\u00bb0px\u00a0\u00bb header_3_text_shadow_blur_strength=\u00a0\u00bbheader_3_text_shadow_style,%91object Object%93&Prime; header_3_text_shadow_blur_strength_tablet=\u00a0\u00bb1px\u00a0\u00bb header_4_text_shadow_horizontal_length=\u00a0\u00bbheader_4_text_shadow_style,%91object Object%93&Prime; header_4_text_shadow_horizontal_length_tablet=\u00a0\u00bb0px\u00a0\u00bb header_4_text_shadow_vertical_length=\u00a0\u00bbheader_4_text_shadow_style,%91object Object%93&Prime; header_4_text_shadow_vertical_length_tablet=\u00a0\u00bb0px\u00a0\u00bb header_4_text_shadow_blur_strength=\u00a0\u00bbheader_4_text_shadow_style,%91object Object%93&Prime; header_4_text_shadow_blur_strength_tablet=\u00a0\u00bb1px\u00a0\u00bb header_5_text_shadow_horizontal_length=\u00a0\u00bbheader_5_text_shadow_style,%91object Object%93&Prime; header_5_text_shadow_horizontal_length_tablet=\u00a0\u00bb0px\u00a0\u00bb header_5_text_shadow_vertical_length=\u00a0\u00bbheader_5_text_shadow_style,%91object Object%93&Prime; header_5_text_shadow_vertical_length_tablet=\u00a0\u00bb0px\u00a0\u00bb header_5_text_shadow_blur_strength=\u00a0\u00bbheader_5_text_shadow_style,%91object Object%93&Prime; header_5_text_shadow_blur_strength_tablet=\u00a0\u00bb1px\u00a0\u00bb header_6_text_shadow_horizontal_length=\u00a0\u00bbheader_6_text_shadow_style,%91object Object%93&Prime; header_6_text_shadow_horizontal_length_tablet=\u00a0\u00bb0px\u00a0\u00bb header_6_text_shadow_vertical_length=\u00a0\u00bbheader_6_text_shadow_style,%91object Object%93&Prime; header_6_text_shadow_vertical_length_tablet=\u00a0\u00bb0px\u00a0\u00bb header_6_text_shadow_blur_strength=\u00a0\u00bbheader_6_text_shadow_style,%91object Object%93&Prime; header_6_text_shadow_blur_strength_tablet=\u00a0\u00bb1px\u00a0\u00bb box_shadow_horizontal_tablet=\u00a0\u00bb0px\u00a0\u00bb box_shadow_vertical_tablet=\u00a0\u00bb0px\u00a0\u00bb box_shadow_blur_tablet=\u00a0\u00bb40px\u00a0\u00bb box_shadow_spread_tablet=\u00a0\u00bb0px\u00a0\u00bb vertical_offsgkelmt_tablet=\u00a0\u00bb0&Prime; horizontal_offsgkelmt_tablet=\u00a0\u00bb0&Prime; z_index_tablet=\u00a0\u00bb0&Prime;]<\/p>\n<p><strong>Prenez votre temps \u00e0 la lumi\u00e8re du jour.<br \/><\/strong><\/p>\n<p>Pour un maximum de bien-\u00eatre et de confort, je vous conseille de choisir la texture de votre fond de teint en fonction de votre \u00e2ge et de la nature de votre peau: s\u00e8che\/grasse\/mixte\/sensible\/jeune\/mature. Choisissez la couleur de votre fond de teint en fonction de la couleur de votre teint et de votre d\u00e9collet\u00e9, dor\u00e9 ou ros\u00e9. Testez-le directement sur votre joue et non sur le dos de votre main et surtout bien en face de la lumi\u00e8re du jour. Vous maquillez votre visage, pas vos mains ! <br \/>Pr\u00e9voyez d&rsquo;acheter 2 fonds de teint, un pour l&rsquo;hiver et un autre un peu plus fonc\u00e9 (1 ton) pour l&rsquo;\u00e9t\u00e9, car votre teint est davantage h\u00e2l\u00e9 en cette p\u00e9riode de l&rsquo;ann\u00e9e.<\/p>\n<p>Attention<br \/>&#8211; un teint trop clair donne un air dramatique, pensez aux actrices de th\u00e9\u00e2tre Shakespeariennes !<br \/>&#8211; un teint trop fonc\u00e9 accuse les traits, pensez aux ann\u00e9es 80 !<br \/>&#8211; choisissez sa couleur en fonction de votre teint: ros\u00e9 ou dor\u00e9.<br \/>&#8211; attention \u00e0 toutes ces nouvelles cr\u00e8mes dont je n&rsquo;ose prononcer le nom de peur de leur faire de la pub et qui disent s&rsquo;adapter \u00e0 votre carnation&#8230; est-ce que ces nouvelles cr\u00e8mes teint\u00e9es font aussi la vaisselle, \u00e7a m&rsquo;int\u00e9resse !!!<\/p>\n<p>[\/gkelmt_built_text][\/gkelmt_built_column][gkelmt_built_column type=\u00a0\u00bb1_3&Prime; custom_padding__hover=\u00a0\u00bb|||\u00a0\u00bb custom_padding=\u00a0\u00bb|||\u00a0\u00bb][\/gkelmt_built_column][\/gkelmt_built_row][\/gkelmt_built_section]<\/p>\n","protected":false},"excerpt":{"rendered":"<p>Pour un maximum de bien-\u00eatre, je vous conseille de choisir la texture de votre fond de teint en fonction de votre \u00e2ge, de la nature de votre peau et de la couleur de votre teint: dor\u00e9 ou ros\u00e9. Testez sa couleur sur votre joue et \u00e0 la lumi\u00e8re du jour uniquement.<\/p>\n","protected":false},"author":4,"featured_media":971,"comment_status":"closed","ping_status":"closed","sticky":false,"template":"","format":"standard","meta":{"_gkelmt_built_use_built":"on","_gkelmt_built_old_content":"<div class=\"itemIntroText\"><p><strong>Attention aux croyances et aux id\u00e9es re\u00e7ues !<\/strong><\/p><p>\u00a0<\/p><\/div><div class=\"itemFullText\"><p>Tout d'abord, sachez que vous n'\u00eates absolument pas oblig\u00e9e d'utiliser un fond de teint (il existe d'autres solutions), mais sachez aussi que nous n'en utilisons plus \u00e0 cause de tr\u00e8s mauvais souvenirs qui datent environ des ann\u00e9es 80 !!! Les produits ont beaucoup \u00e9volu\u00e9s et les techniques aussi.<\/p><p>Cela \u00e9tant dit...<br \/>Pour un maximum de bien-\u00eatre et de confort, je vous conseille de choisir la texture de votre\u00a0fond de teint en fonction de votre \u00e2ge et de la nature de votre peau: s\u00e8che\/grasse\/mixte\/sensible\/jeune\/mature. Choisissez la couleur de votre fond de teint en fonction de la couleur de votre teint \u00e0 vous (d\u00e9collet\u00e9 compris) et non l'inverse. Testez-le directement sur votre joue et non sur le dos de votre main et surtout bien en face de la lumi\u00e8re du jour. Vous maquillez votre visage, pas vos mains ! Pr\u00e9voyez d'acheter 2 fonds de teint, un pour l'hiver et un autre un peu plus fonc\u00e9 (1 ton) pour l'\u00e9t\u00e9, car votre teint est h\u00e2l\u00e9 en cette p\u00e9riode de l'ann\u00e9e.<\/p><p>Attention<br \/>- un teint trop clair donne un air dramatique, pensez aux actrices de th\u00e9\u00e2tre Shakespeariennes.<br \/>- un teint trop fonc\u00e9 accuse les traits, repensez aux ann\u00e9es 80.<br \/>- attention \u00e0 toutes ces nouvelles cr\u00e8mes dont je n'ose prononcer le nom de peur de leur faire de la pub et qui disent qu'elles s'adapteront \u00e0 votre carnation... est-ce qu'elles font la vaisselle aussi... \u00e7a m'int\u00e9resse !!!<\/p><\/div>","_gkelmt_gb_content_width":"","footnotes":""},"categories":[16],"tags":[],"class_list":["post-966","post","type-post","status-publish","format-standard","has-post-thumbnail","hentry","category-maquillage"],"seo_gk_head":"<!-- This site is optimized with the Yoast SEO plugin v27.5 - https:\/\/yoast.com\/product\/yoast-seo-wordpress\/ -->\n<title>Oser mon f\u00e9minin | Bien choisir son fond de teint<\/title>\n<meta name=\"robots\" content=\"index, follow, max-snippet:-1, max-image-preview:large, max-video-preview:-1\" \/>\n<link rel=\"canonical\" href=\"https:\/\/osermonfeminin.fr\/bien-choisir-son-fond-de-teint\/\" \/>\n<meta property=\"og:locale\" content=\"fr_FR\" \/>\n<meta property=\"og:type\" content=\"article\" \/>\n<meta property=\"og:title\" content=\"Oser mon f\u00e9minin | Bien choisir son fond de teint\" \/>\n<meta property=\"og:description\" content=\"Pour un maximum de bien-\u00eatre, je vous conseille de choisir la texture de votre fond de teint en fonction de votre \u00e2ge, de la nature de votre peau et de la couleur de votre teint: dor\u00e9 ou ros\u00e9. Testez sa couleur sur votre joue et \u00e0 la lumi\u00e8re du jour uniquement.\" \/>\n<meta property=\"og:url\" content=\"https:\/\/osermonfeminin.fr\/bien-choisir-son-fond-de-teint\/\" \/>\n<meta property=\"og:site_name\" content=\"Oser mon f\u00e9minin\" \/>\n<meta property=\"article:publisher\" content=\"https:\/\/www.facebook.com\/profile.php?id=100063491831546\" \/>\n<meta property=\"article:published_time\" content=\"2012-02-17T18:18:40+00:00\" \/>\n<meta property=\"article:modified_time\" content=\"2020-10-31T22:02:27+00:00\" \/>\n<meta property=\"og:image\" content=\"https:\/\/osermonfeminin.fr\/imagesgk\/2020\/09\/Fond-de-teint-ret-850.jpg\" \/>\n\t<meta property=\"og:image:width\" content=\"850\" \/>\n\t<meta property=\"og:image:height\" content=\"759\" \/>\n\t<meta property=\"og:image:type\" content=\"image\/jpeg\" \/>\n<meta name=\"author\" content=\"Isa\" \/>\n<meta name=\"twitter:card\" content=\"summary_large_image\" \/>\n<meta name=\"twitter:label1\" content=\"\u00c9crit par\" \/>\n\t<meta name=\"twitter:data1\" content=\"Isa\" \/>\n\t<meta name=\"twitter:label2\" content=\"Dur\u00e9e de lecture estim\u00e9e\" \/>\n\t<meta name=\"twitter:data2\" content=\"7 minutes\" \/>\n<script type=\"application\/ld+json\" class=\"seo_gk-schema-graph\">{\"@context\":\"https:\\\/\\\/schema.org\",\"@graph\":[{\"@type\":\"Article\",\"@id\":\"https:\\\/\\\/osermonfeminin.fr\\\/bien-choisir-son-fond-de-teint\\\/#article\",\"isPartOf\":{\"@id\":\"https:\\\/\\\/osermonfeminin.fr\\\/bien-choisir-son-fond-de-teint\\\/\"},\"author\":{\"name\":\"Isa\",\"@id\":\"https:\\\/\\\/osermonfeminin.fr\\\/#\\\/schema\\\/person\\\/085306dc82af49fb796b1921ba4e8e08\"},\"headline\":\"Bien choisir son fond de teint\",\"datePublished\":\"2012-02-17T18:18:40+00:00\",\"dateModified\":\"2020-10-31T22:02:27+00:00\",\"mainEntityOfPage\":{\"@id\":\"https:\\\/\\\/osermonfeminin.fr\\\/bien-choisir-son-fond-de-teint\\\/\"},\"wordCount\":1342,\"publisher\":{\"@id\":\"https:\\\/\\\/osermonfeminin.fr\\\/#organization\"},\"image\":{\"@id\":\"https:\\\/\\\/osermonfeminin.fr\\\/bien-choisir-son-fond-de-teint\\\/#primaryimage\"},\"thumbnailUrl\":\"https:\\\/\\\/osermonfeminin.fr\\\/contenusgk\\\/uploads\\\/2020\\\/09\\\/Fond-de-teint-rgkelmt-850.jpg\",\"articleSection\":[\"maquillage\"],\"inLanguage\":\"fr-FR\"},{\"@type\":\"WebPage\",\"@id\":\"https:\\\/\\\/osermonfeminin.fr\\\/bien-choisir-son-fond-de-teint\\\/\",\"url\":\"https:\\\/\\\/osermonfeminin.fr\\\/bien-choisir-son-fond-de-teint\\\/\",\"name\":\"Oser mon f\u00e9minin | Bien choisir son fond de teint\",\"isPartOf\":{\"@id\":\"https:\\\/\\\/osermonfeminin.fr\\\/#website\"},\"primaryImageOfPage\":{\"@id\":\"https:\\\/\\\/osermonfeminin.fr\\\/bien-choisir-son-fond-de-teint\\\/#primaryimage\"},\"image\":{\"@id\":\"https:\\\/\\\/osermonfeminin.fr\\\/bien-choisir-son-fond-de-teint\\\/#primaryimage\"},\"thumbnailUrl\":\"https:\\\/\\\/osermonfeminin.fr\\\/contenusgk\\\/uploads\\\/2020\\\/09\\\/Fond-de-teint-rgkelmt-850.jpg\",\"datePublished\":\"2012-02-17T18:18:40+00:00\",\"dateModified\":\"2020-10-31T22:02:27+00:00\",\"breadcrumb\":{\"@id\":\"https:\\\/\\\/osermonfeminin.fr\\\/bien-choisir-son-fond-de-teint\\\/#breadcrumb\"},\"inLanguage\":\"fr-FR\",\"potentialAction\":[{\"@type\":\"ReadAction\",\"target\":[\"https:\\\/\\\/osermonfeminin.fr\\\/bien-choisir-son-fond-de-teint\\\/\"]}]},{\"@type\":\"ImageObject\",\"inLanguage\":\"fr-FR\",\"@id\":\"https:\\\/\\\/osermonfeminin.fr\\\/bien-choisir-son-fond-de-teint\\\/#primaryimage\",\"url\":\"https:\\\/\\\/osermonfeminin.fr\\\/contenusgk\\\/uploads\\\/2020\\\/09\\\/Fond-de-teint-rgkelmt-850.jpg\",\"contentUrl\":\"https:\\\/\\\/osermonfeminin.fr\\\/contenusgk\\\/uploads\\\/2020\\\/09\\\/Fond-de-teint-rgkelmt-850.jpg\",\"width\":850,\"height\":759},{\"@type\":\"BreadcrumbList\",\"@id\":\"https:\\\/\\\/osermonfeminin.fr\\\/bien-choisir-son-fond-de-teint\\\/#breadcrumb\",\"itemListElement\":[{\"@type\":\"ListItem\",\"position\":1,\"name\":\"Accueil\",\"item\":\"https:\\\/\\\/osermonfeminin.fr\\\/\"},{\"@type\":\"ListItem\",\"position\":2,\"name\":\"Bien choisir son fond de teint\"}]},{\"@type\":\"WebSite\",\"@id\":\"https:\\\/\\\/osermonfeminin.fr\\\/#website\",\"url\":\"https:\\\/\\\/osermonfeminin.fr\\\/\",\"name\":\"Oser mon f\u00e9minin\",\"description\":\"Isabelle Berthet - Paris\",\"publisher\":{\"@id\":\"https:\\\/\\\/osermonfeminin.fr\\\/#organization\"},\"potentialAction\":[{\"@type\":\"SearchAction\",\"target\":{\"@type\":\"EntryPoint\",\"urlTemplate\":\"https:\\\/\\\/osermonfeminin.fr\\\/?s={search_term_string}\"},\"query-input\":{\"@type\":\"PropertyValueSpecification\",\"valueRequired\":true,\"valueName\":\"search_term_string\"}}],\"inLanguage\":\"fr-FR\"},{\"@type\":\"Organization\",\"@id\":\"https:\\\/\\\/osermonfeminin.fr\\\/#organization\",\"name\":\"Oser mon f\u00e9minin\",\"url\":\"https:\\\/\\\/osermonfeminin.fr\\\/\",\"logo\":{\"@type\":\"ImageObject\",\"inLanguage\":\"fr-FR\",\"@id\":\"https:\\\/\\\/osermonfeminin.fr\\\/#\\\/schema\\\/logo\\\/image\\\/\",\"url\":\"https:\\\/\\\/osermonfeminin.fr\\\/contenusgk\\\/uploads\\\/2020\\\/09\\\/Oser-mon-feminin_Accueil.png\",\"contentUrl\":\"https:\\\/\\\/osermonfeminin.fr\\\/contenusgk\\\/uploads\\\/2020\\\/09\\\/Oser-mon-feminin_Accueil.png\",\"width\":647,\"height\":390,\"caption\":\"Oser mon f\u00e9minin\"},\"image\":{\"@id\":\"https:\\\/\\\/osermonfeminin.fr\\\/#\\\/schema\\\/logo\\\/image\\\/\"},\"sameAs\":[\"https:\\\/\\\/www.facebook.com\\\/profile.php?id=100063491831546\",\"https:\\\/\\\/www.instagram.com\\\/isa_berthgkelmt_osermonfeminin\\\/\"]},{\"@type\":\"Person\",\"@id\":\"https:\\\/\\\/osermonfeminin.fr\\\/#\\\/schema\\\/person\\\/085306dc82af49fb796b1921ba4e8e08\",\"name\":\"Isa\",\"image\":{\"@type\":\"ImageObject\",\"inLanguage\":\"fr-FR\",\"@id\":\"https:\\\/\\\/secure.gravatar.com\\\/avatar\\\/7b0a217b727bedcb7478b6c7c4a16aa6a5467e78c9cef98ed8f78adfdf239952?s=96&d=mm&r=g\",\"url\":\"https:\\\/\\\/secure.gravatar.com\\\/avatar\\\/7b0a217b727bedcb7478b6c7c4a16aa6a5467e78c9cef98ed8f78adfdf239952?s=96&d=mm&r=g\",\"contentUrl\":\"https:\\\/\\\/secure.gravatar.com\\\/avatar\\\/7b0a217b727bedcb7478b6c7c4a16aa6a5467e78c9cef98ed8f78adfdf239952?s=96&d=mm&r=g\",\"caption\":\"Isa\"}}]}<\/script>\n<!-- \/ Yoast SEO plugin. -->","seo_gk_head_json":{"title":"Oser mon f\u00e9minin | Bien choisir son fond de teint","robots":{"index":"index","follow":"follow","max-snippet":"max-snippet:-1","max-image-preview":"max-image-preview:large","max-video-preview":"max-video-preview:-1"},"canonical":"https:\/\/osermonfeminin.fr\/bien-choisir-son-fond-de-teint\/","og_locale":"fr_FR","og_type":"article","og_title":"Oser mon f\u00e9minin | Bien choisir son fond de teint","og_description":"Pour un maximum de bien-\u00eatre, je vous conseille de choisir la texture de votre fond de teint en fonction de votre \u00e2ge, de la nature de votre peau et de la couleur de votre teint: dor\u00e9 ou ros\u00e9. Testez sa couleur sur votre joue et \u00e0 la lumi\u00e8re du jour uniquement.","og_url":"https:\/\/osermonfeminin.fr\/bien-choisir-son-fond-de-teint\/","og_site_name":"Oser mon f\u00e9minin","article_publisher":"https:\/\/www.facebook.com\/profile.php?id=100063491831546","article_published_time":"2012-02-17T18:18:40+00:00","article_modified_time":"2020-10-31T22:02:27+00:00","og_image":[{"width":850,"height":759,"url":"https:\/\/osermonfeminin.fr\/imagesgk\/2020\/09\/Fond-de-teint-ret-850.jpg","type":"image\/jpeg"}],"author":"Isa","twitter_card":"summary_large_image","twitter_misc":{"\u00c9crit par":"Isa","Dur\u00e9e de lecture estim\u00e9e":"7 minutes"},"schema":{"@context":"https:\/\/schema.org","@graph":[{"@type":"Article","@id":"https:\/\/osermonfeminin.fr\/bien-choisir-son-fond-de-teint\/#article","isPartOf":{"@id":"https:\/\/osermonfeminin.fr\/bien-choisir-son-fond-de-teint\/"},"author":{"name":"Isa","@id":"https:\/\/osermonfeminin.fr\/#\/schema\/person\/085306dc82af49fb796b1921ba4e8e08"},"headline":"Bien choisir son fond de teint","datePublished":"2012-02-17T18:18:40+00:00","dateModified":"2020-10-31T22:02:27+00:00","mainEntityOfPage":{"@id":"https:\/\/osermonfeminin.fr\/bien-choisir-son-fond-de-teint\/"},"wordCount":1342,"publisher":{"@id":"https:\/\/osermonfeminin.fr\/#organization"},"image":{"@id":"https:\/\/osermonfeminin.fr\/bien-choisir-son-fond-de-teint\/#primaryimage"},"thumbnailUrl":"https:\/\/osermonfeminin.fr\/imagesgk\/2020\/09\/Fond-de-teint-ret-850.jpg","articleSection":["maquillage"],"inLanguage":"fr-FR"},{"@type":"WebPage","@id":"https:\/\/osermonfeminin.fr\/bien-choisir-son-fond-de-teint\/","url":"https:\/\/osermonfeminin.fr\/bien-choisir-son-fond-de-teint\/","name":"Oser mon f\u00e9minin | Bien choisir son fond de teint","isPartOf":{"@id":"https:\/\/osermonfeminin.fr\/#website"},"primaryImageOfPage":{"@id":"https:\/\/osermonfeminin.fr\/bien-choisir-son-fond-de-teint\/#primaryimage"},"image":{"@id":"https:\/\/osermonfeminin.fr\/bien-choisir-son-fond-de-teint\/#primaryimage"},"thumbnailUrl":"https:\/\/osermonfeminin.fr\/imagesgk\/2020\/09\/Fond-de-teint-ret-850.jpg","datePublished":"2012-02-17T18:18:40+00:00","dateModified":"2020-10-31T22:02:27+00:00","breadcrumb":{"@id":"https:\/\/osermonfeminin.fr\/bien-choisir-son-fond-de-teint\/#breadcrumb"},"inLanguage":"fr-FR","potentialAction":[{"@type":"ReadAction","target":["https:\/\/osermonfeminin.fr\/bien-choisir-son-fond-de-teint\/"]}]},{"@type":"ImageObject","inLanguage":"fr-FR","@id":"https:\/\/osermonfeminin.fr\/bien-choisir-son-fond-de-teint\/#primaryimage","url":"https:\/\/osermonfeminin.fr\/imagesgk\/2020\/09\/Fond-de-teint-ret-850.jpg","contentUrl":"https:\/\/osermonfeminin.fr\/imagesgk\/2020\/09\/Fond-de-teint-ret-850.jpg","width":850,"height":759},{"@type":"BreadcrumbList","@id":"https:\/\/osermonfeminin.fr\/bien-choisir-son-fond-de-teint\/#breadcrumb","itemListElement":[{"@type":"ListItem","position":1,"name":"Accueil","item":"https:\/\/osermonfeminin.fr\/"},{"@type":"ListItem","position":2,"name":"Bien choisir son fond de teint"}]},{"@type":"WebSite","@id":"https:\/\/osermonfeminin.fr\/#website","url":"https:\/\/osermonfeminin.fr\/","name":"Oser mon f\u00e9minin","description":"Isabelle Berthet - Paris","publisher":{"@id":"https:\/\/osermonfeminin.fr\/#organization"},"potentialAction":[{"@type":"SearchAction","target":{"@type":"EntryPoint","urlTemplate":"https:\/\/osermonfeminin.fr\/?s={search_term_string}"},"query-input":{"@type":"PropertyValueSpecification","valueRequired":true,"valueName":"search_term_string"}}],"inLanguage":"fr-FR"},{"@type":"Organization","@id":"https:\/\/osermonfeminin.fr\/#organization","name":"Oser mon f\u00e9minin","url":"https:\/\/osermonfeminin.fr\/","logo":{"@type":"ImageObject","inLanguage":"fr-FR","@id":"https:\/\/osermonfeminin.fr\/#\/schema\/logo\/image\/","url":"https:\/\/osermonfeminin.fr\/imagesgk\/2020\/09\/Oser-mon-feminin_Accueil.png","contentUrl":"https:\/\/osermonfeminin.fr\/imagesgk\/2020\/09\/Oser-mon-feminin_Accueil.png","width":647,"height":390,"caption":"Oser mon f\u00e9minin"},"image":{"@id":"https:\/\/osermonfeminin.fr\/#\/schema\/logo\/image\/"},"sameAs":["https:\/\/www.facebook.com\/profile.php?id=100063491831546","https:\/\/www.instagram.com\/isa_berthet_osermonfeminin\/"]},{"@type":"Person","@id":"https:\/\/osermonfeminin.fr\/#\/schema\/person\/085306dc82af49fb796b1921ba4e8e08","name":"Isa","image":{"@type":"ImageObject","inLanguage":"fr-FR","@id":"https:\/\/secure.gravatar.com\/avatar\/7b0a217b727bedcb7478b6c7c4a16aa6a5467e78c9cef98ed8f78adfdf239952?s=96&d=mm&r=g","url":"https:\/\/secure.gravatar.com\/avatar\/7b0a217b727bedcb7478b6c7c4a16aa6a5467e78c9cef98ed8f78adfdf239952?s=96&d=mm&r=g","contentUrl":"https:\/\/secure.gravatar.com\/avatar\/7b0a217b727bedcb7478b6c7c4a16aa6a5467e78c9cef98ed8f78adfdf239952?s=96&d=mm&r=g","caption":"Isa"}}]}},"_links":{"self":[{"href":"https:\/\/osermonfeminin.fr\/api-json-gk\/wp\/v2\/posts\/966","targetHints":{"allow":["GET"]}}],"collection":[{"href":"https:\/\/osermonfeminin.fr\/api-json-gk\/wp\/v2\/posts"}],"about":[{"href":"https:\/\/osermonfeminin.fr\/api-json-gk\/wp\/v2\/types\/post"}],"author":[{"embeddable":true,"href":"https:\/\/osermonfeminin.fr\/api-json-gk\/wp\/v2\/users\/4"}],"replies":[{"embeddable":true,"href":"https:\/\/osermonfeminin.fr\/api-json-gk\/wp\/v2\/comments?post=966"}],"version-history":[{"count":7,"href":"https:\/\/osermonfeminin.fr\/api-json-gk\/wp\/v2\/posts\/966\/revisions"}],"predecessor-version":[{"id":1596,"href":"https:\/\/osermonfeminin.fr\/api-json-gk\/wp\/v2\/posts\/966\/revisions\/1596"}],"wp:featuredmedia":[{"embeddable":true,"href":"https:\/\/osermonfeminin.fr\/api-json-gk\/wp\/v2\/media\/971"}],"wp:attachment":[{"href":"https:\/\/osermonfeminin.fr\/api-json-gk\/wp\/v2\/media?parent=966"}],"wp:term":[{"taxonomy":"category","embeddable":true,"href":"https:\/\/osermonfeminin.fr\/api-json-gk\/wp\/v2\/categories?post=966"},{"taxonomy":"post_tag","embeddable":true,"href":"https:\/\/osermonfeminin.fr\/api-json-gk\/wp\/v2\/tags?post=966"}],"curies":[{"name":"wp","href":"https:\/\/api.w.org\/{rel}","templated":true}]}}